{"id":2769,"date":"2020-01-24T11:13:56","date_gmt":"2020-01-24T13:13:56","guid":{"rendered":"https:\/\/xandre.com.br\/?p=2769"},"modified":"2020-01-24T11:13:56","modified_gmt":"2020-01-24T13:13:56","slug":"te-amo-a-beca-matheus-e-kauan-cifra","status":"publish","type":"post","link":"https:\/\/worldmusic.mus.br\/cifra\/te-amo-a-beca-matheus-e-kauan-cifra\/","title":{"rendered":"Te Amo a Be\u00e7a Matheus e Kauan &#8211; Cifra"},"content":{"rendered":"<p><iframe loading=\"lazy\" width=\"300\" height=\"200\" src=\"https:\/\/www.youtube.com\/embed\/DfjXcba-fu0\" frameborder=\"0\" allow=\"accelerometer; autoplay; encrypted-media; gyroscope; picture-in-picture\" allowfullscreen><\/iframe><br \/>\n<code><\/p>\n<div  align=\"left\"  ><button  type=\"button\" onclick=\"baixar()\" >- \u00bd<\/button><button onclick= \"location.reload()\" > Tom <\/button><button type=\"button\" onclick=\"subir()\" >+ \u00bd<\/button><\/div>\n<p><\/code><\/p>\n<pre>[Intro] <b>D<\/b><b>9<\/b>  <b>Em7<\/b>  <b>G<\/b>  <b>D<\/b><b>9<\/b>\n\n[Primeira Parte]\n\n                     <b>D<\/b><b>9<\/b>\nOs meus olhos me entregam\n                              <b>Em7<\/b>\nQuando voc\u00ea vem virando a esquina\n                             <b>G<\/b>\nEstacionando o seu carro na rua\n                          <b>D<\/b><b>9<\/b>\nE a\u00ed \u00e9 que eu come\u00e7o acreditar\n\nMeu cora\u00e7\u00e3o zera\n                                   <b>Em7<\/b>\nQuando voc\u00ea prolonga muito essa espera\n                                          <b>G<\/b>\nDiz estar chegando, mas n\u00e3o tem nenhuma pressa\n                          <b>D<\/b><b>9<\/b>\nE ai \u00e9 que eu come\u00e7o a duvidar\n\n[Segunda Parte]\n\n                    <b>Em7<\/b>\nMas n\u00e3o o que eu penso\nN\u00e3o o que eu sinto\n               <b>G<\/b>\nSei que ainda tenho muito amor pra te dar\n           <b>Em7<\/b>\nDo meu destino o seu futuro\n              <b>G<\/b>\nNo fim da hist\u00f3ria de se encontrar\n\n[Refr\u00e3o]\n\n                 <b>D<\/b><b>9<\/b>\nAinda n\u00e3o sei dizer o que me completa\n                    <b>Em7<\/b>\nAinda n\u00e3o sei por que eu te amo a be\u00e7a\n                     <b>G<\/b>\nMas de uma coisa eu sei\n                             <b>D<\/b><b>9<\/b>  ( <b>C9<\/b>  <b>A9<\/b> )\nO que me faz falta \u00e9 o seu amor\n               <b>D<\/b><b>9<\/b>\nAinda n\u00e3o decidiu se voc\u00ea vai ou fica\n                    <b>Em7<\/b>\nMesmo assim te inclu\u00ed de vez da minha vida\n                 <b>G<\/b>\nMas de uma coisa eu sei\n                           <b>D<\/b><b>9<\/b>\nO que me faz falta \u00e9 o seu amor\n\n          <b>D<\/b><b>9<\/b>\n\u00d4h \u00f4h, \u00f4h \u00f4h\n          <b>Em7<\/b>\n\u00d4h \u00f4h, \u00f4h \u00f4h\n          <b>G<\/b>  <b>D<\/b><b>9<\/b>\n\u00d4h \u00f4h, \u00f4h \u00f4h\n\n[Segunda Parte]\n\n                    <b>Em7<\/b>\nMas n\u00e3o o que eu penso\nN\u00e3o o que eu sinto\n               <b>G<\/b>\nSei que ainda tenho muito amor pra te dar\n           <b>Em7<\/b>\nDo meu destino o seu futuro\n              <b>G<\/b>\nNo fim da hist\u00f3ria de se encontrar\n\n[Refr\u00e3o]\n\n                 <b>D<\/b><b>9<\/b>\nAinda n\u00e3o sei dizer o que me completa\n                    <b>Em7<\/b>\nAinda n\u00e3o sei por que eu te amo a be\u00e7a\n                     <b>G<\/b>\nMas de uma coisa eu sei\n                             <b>D<\/b><b>9<\/b>  ( <b>C9<\/b>  <b>A9<\/b> )\nO que me faz falta \u00e9 o seu amor\n               <b>D<\/b><b>9<\/b>\nAinda n\u00e3o decidiu se voc\u00ea vai ou fica\n                    <b>Em7<\/b>\nMesmo assim te inclu\u00ed de vez da minha vida\n                 <b>G<\/b>\nMas de uma coisa eu sei\n                           <b>D<\/b><b>9<\/b>\nO que me faz falta \u00e9 o seu amor<\/pre>\n<p><script src=\"\/wp-admin\/js\/transpor.js\"><\/script><\/p>\n","protected":false},"excerpt":{"rendered":"<p>&#8211; \u00bd Tom + \u00bd [Intro] D9 Em7 G D9 [Primeira Parte] D9 Os meus olhos me entregam Em7 Quando voc\u00ea vem virando a esquina G Estacionando o seu carro na rua D9 E a\u00ed \u00e9 que eu come\u00e7o acreditar Meu cora\u00e7\u00e3o zera Em7 Quando voc\u00ea prolonga muito essa espera G Diz estar chegando, mas [&hellip;]<\/p>\n","protected":false},"author":1,"featured_media":2771,"comment_status":"closed","ping_status":"open","sticky":false,"template":"","format":"standard","meta":{"footnotes":""},"categories":[1],"tags":[],"class_list":["post-2769","post","type-post","status-publish","format-standard","has-post-thumbnail","hentry","category-cifra"],"yoast_head":"<!-- This site is optimized with the Yoast SEO plugin v27.5 - https:\/\/yoast.com\/product\/yoast-seo-wordpress\/ -->\n<title>Te Amo a Be\u00e7a Matheus e Kauan - Cifra<\/title>\n<meta name=\"description\" content=\"Aprenda a tocar a cifra de Te Amo a Be\u00e7a (Matheus e Kauan) no Xandre Espa\u00e7o Musical. \/ Ainda n\u00e3o sei dizer, o que me completa \/ Ainda n\u00e3o sei por que, eu te amo a be\u00e7a...\" \/>\n<meta name=\"robots\" content=\"index, follow, max-snippet:-1, max-image-preview:large, max-video-preview:-1\" \/>\n<link rel=\"canonical\" href=\"https:\/\/worldmusic.mus.br\/cifra\/te-amo-a-beca-matheus-e-kauan-cifra\/\" \/>\n<meta property=\"og:locale\" content=\"pt_BR\" \/>\n<meta property=\"og:type\" content=\"article\" \/>\n<meta property=\"og:title\" content=\"Te Amo a Be\u00e7a Matheus e Kauan - Cifra\" \/>\n<meta property=\"og:description\" content=\"Aprenda a tocar a cifra de Te Amo a Be\u00e7a (Matheus e Kauan) no Xandre Espa\u00e7o Musical. \/ Ainda n\u00e3o sei dizer, o que me completa \/ Ainda n\u00e3o sei por que, eu te amo a be\u00e7a...\" \/>\n<meta property=\"og:url\" content=\"https:\/\/worldmusic.mus.br\/cifra\/te-amo-a-beca-matheus-e-kauan-cifra\/\" \/>\n<meta property=\"og:site_name\" content=\"World Music Cifras\" \/>\n<meta property=\"article:publisher\" content=\"https:\/\/www.facebook.com\/worldmusicescolademusicauberlandia\/\" \/>\n<meta property=\"article:published_time\" content=\"2020-01-24T13:13:56+00:00\" \/>\n<meta name=\"author\" content=\"xandre2007\" \/>\n<meta name=\"twitter:card\" content=\"summary_large_image\" \/>\n<meta name=\"twitter:label1\" content=\"Escrito por\" \/>\n\t<meta name=\"twitter:data1\" content=\"xandre2007\" \/>\n\t<meta name=\"twitter:label2\" content=\"Est. tempo de leitura\" \/>\n\t<meta name=\"twitter:data2\" content=\"2 minutos\" \/>\n<script type=\"application\/ld+json\" class=\"yoast-schema-graph\">{\"@context\":\"https:\\\/\\\/schema.org\",\"@graph\":[{\"@type\":\"Article\",\"@id\":\"https:\\\/\\\/worldmusic.mus.br\\\/cifra\\\/te-amo-a-beca-matheus-e-kauan-cifra\\\/#article\",\"isPartOf\":{\"@id\":\"https:\\\/\\\/worldmusic.mus.br\\\/cifra\\\/te-amo-a-beca-matheus-e-kauan-cifra\\\/\"},\"author\":{\"name\":\"xandre2007\",\"@id\":\"https:\\\/\\\/worldmusic.mus.br\\\/cifra\\\/#\\\/schema\\\/person\\\/39172d294e60e05d5bb6c0fefbf2e87a\"},\"headline\":\"Te Amo a Be\u00e7a Matheus e Kauan &#8211; Cifra\",\"datePublished\":\"2020-01-24T13:13:56+00:00\",\"mainEntityOfPage\":{\"@id\":\"https:\\\/\\\/worldmusic.mus.br\\\/cifra\\\/te-amo-a-beca-matheus-e-kauan-cifra\\\/\"},\"wordCount\":10,\"publisher\":{\"@id\":\"https:\\\/\\\/worldmusic.mus.br\\\/cifra\\\/#organization\"},\"image\":{\"@id\":\"https:\\\/\\\/worldmusic.mus.br\\\/cifra\\\/te-amo-a-beca-matheus-e-kauan-cifra\\\/#primaryimage\"},\"thumbnailUrl\":\"\",\"articleSection\":[\"Cifra\"],\"inLanguage\":\"pt-BR\"},{\"@type\":\"WebPage\",\"@id\":\"https:\\\/\\\/worldmusic.mus.br\\\/cifra\\\/te-amo-a-beca-matheus-e-kauan-cifra\\\/\",\"url\":\"https:\\\/\\\/worldmusic.mus.br\\\/cifra\\\/te-amo-a-beca-matheus-e-kauan-cifra\\\/\",\"name\":\"Te Amo a Be\u00e7a Matheus e Kauan - Cifra\",\"isPartOf\":{\"@id\":\"https:\\\/\\\/worldmusic.mus.br\\\/cifra\\\/#website\"},\"primaryImageOfPage\":{\"@id\":\"https:\\\/\\\/worldmusic.mus.br\\\/cifra\\\/te-amo-a-beca-matheus-e-kauan-cifra\\\/#primaryimage\"},\"image\":{\"@id\":\"https:\\\/\\\/worldmusic.mus.br\\\/cifra\\\/te-amo-a-beca-matheus-e-kauan-cifra\\\/#primaryimage\"},\"thumbnailUrl\":\"\",\"datePublished\":\"2020-01-24T13:13:56+00:00\",\"description\":\"Aprenda a tocar a cifra de Te Amo a Be\u00e7a (Matheus e Kauan) no Xandre Espa\u00e7o Musical. \\\/ Ainda n\u00e3o sei dizer, o que me completa \\\/ Ainda n\u00e3o sei por que, eu te amo a be\u00e7a...\",\"breadcrumb\":{\"@id\":\"https:\\\/\\\/worldmusic.mus.br\\\/cifra\\\/te-amo-a-beca-matheus-e-kauan-cifra\\\/#breadcrumb\"},\"inLanguage\":\"pt-BR\",\"potentialAction\":[{\"@type\":\"ReadAction\",\"target\":[\"https:\\\/\\\/worldmusic.mus.br\\\/cifra\\\/te-amo-a-beca-matheus-e-kauan-cifra\\\/\"]}]},{\"@type\":\"ImageObject\",\"inLanguage\":\"pt-BR\",\"@id\":\"https:\\\/\\\/worldmusic.mus.br\\\/cifra\\\/te-amo-a-beca-matheus-e-kauan-cifra\\\/#primaryimage\",\"url\":\"\",\"contentUrl\":\"\"},{\"@type\":\"BreadcrumbList\",\"@id\":\"https:\\\/\\\/worldmusic.mus.br\\\/cifra\\\/te-amo-a-beca-matheus-e-kauan-cifra\\\/#breadcrumb\",\"itemListElement\":[{\"@type\":\"ListItem\",\"position\":1,\"name\":\"In\u00edcio\",\"item\":\"https:\\\/\\\/worldmusic.mus.br\\\/cifra\\\/\"},{\"@type\":\"ListItem\",\"position\":2,\"name\":\"Te Amo a Be\u00e7a Matheus e Kauan &#8211; Cifra\"}]},{\"@type\":\"WebSite\",\"@id\":\"https:\\\/\\\/worldmusic.mus.br\\\/cifra\\\/#website\",\"url\":\"https:\\\/\\\/worldmusic.mus.br\\\/cifra\\\/\",\"name\":\"World Music\",\"description\":\"Uma ampla cole\u00e7\u00e3o de cifras e tablaturas para m\u00fasicos de todos os n\u00edveis \u2013 do iniciante ao avan\u00e7ado \u2013 abrangendo diversos g\u00eaneros e estilos musicais. Nosso site \u00e9 a escolha certa para quem busca praticidade e precis\u00e3o na execu\u00e7\u00e3o de suas m\u00fasicas favoritas, com um acervo acess\u00edvel e sempre atualizado para suas pr\u00e1ticas e performances.\",\"publisher\":{\"@id\":\"https:\\\/\\\/worldmusic.mus.br\\\/cifra\\\/#organization\"},\"potentialAction\":[{\"@type\":\"SearchAction\",\"target\":{\"@type\":\"EntryPoint\",\"urlTemplate\":\"https:\\\/\\\/worldmusic.mus.br\\\/cifra\\\/?s={search_term_string}\"},\"query-input\":{\"@type\":\"PropertyValueSpecification\",\"valueRequired\":true,\"valueName\":\"search_term_string\"}}],\"inLanguage\":\"pt-BR\"},{\"@type\":\"Organization\",\"@id\":\"https:\\\/\\\/worldmusic.mus.br\\\/cifra\\\/#organization\",\"name\":\"World Music\",\"url\":\"https:\\\/\\\/worldmusic.mus.br\\\/cifra\\\/\",\"logo\":{\"@type\":\"ImageObject\",\"inLanguage\":\"pt-BR\",\"@id\":\"https:\\\/\\\/worldmusic.mus.br\\\/cifra\\\/#\\\/schema\\\/logo\\\/image\\\/\",\"url\":\"https:\\\/\\\/worldmusic.mus.br\\\/cifra\\\/wp-content\\\/uploads\\\/2024\\\/10\\\/cropped-World-Music-Logo.png\",\"contentUrl\":\"https:\\\/\\\/worldmusic.mus.br\\\/cifra\\\/wp-content\\\/uploads\\\/2024\\\/10\\\/cropped-World-Music-Logo.png\",\"width\":500,\"height\":244,\"caption\":\"World Music\"},\"image\":{\"@id\":\"https:\\\/\\\/worldmusic.mus.br\\\/cifra\\\/#\\\/schema\\\/logo\\\/image\\\/\"},\"sameAs\":[\"https:\\\/\\\/www.facebook.com\\\/worldmusicescolademusicauberlandia\\\/\",\"https:\\\/\\\/www.youtube.com\\\/channel\\\/UCj0pAbHJVz1ZCStFMBEzWIg?sub_confirmation=1\"]},{\"@type\":\"Person\",\"@id\":\"https:\\\/\\\/worldmusic.mus.br\\\/cifra\\\/#\\\/schema\\\/person\\\/39172d294e60e05d5bb6c0fefbf2e87a\",\"name\":\"xandre2007\",\"image\":{\"@type\":\"ImageObject\",\"inLanguage\":\"pt-BR\",\"@id\":\"https:\\\/\\\/worldmusic.mus.br\\\/cifra\\\/wp-content\\\/litespeed\\\/avatar\\\/7afb8c6d80555b9330d0a98f54fe1aa0.jpg?ver=1777134963\",\"url\":\"https:\\\/\\\/worldmusic.mus.br\\\/cifra\\\/wp-content\\\/litespeed\\\/avatar\\\/7afb8c6d80555b9330d0a98f54fe1aa0.jpg?ver=1777134963\",\"contentUrl\":\"https:\\\/\\\/worldmusic.mus.br\\\/cifra\\\/wp-content\\\/litespeed\\\/avatar\\\/7afb8c6d80555b9330d0a98f54fe1aa0.jpg?ver=1777134963\",\"caption\":\"xandre2007\"},\"sameAs\":[\"https:\\\/\\\/worldmusic.mus.br\\\/cifra\"],\"url\":\"https:\\\/\\\/worldmusic.mus.br\\\/cifra\\\/author\\\/xandre2007\\\/\"}]}<\/script>\n<!-- \/ Yoast SEO plugin. -->","yoast_head_json":{"title":"Te Amo a Be\u00e7a Matheus e Kauan - Cifra","description":"Aprenda a tocar a cifra de Te Amo a Be\u00e7a (Matheus e Kauan) no Xandre Espa\u00e7o Musical. \/ Ainda n\u00e3o sei dizer, o que me completa \/ Ainda n\u00e3o sei por que, eu te amo a be\u00e7a...","robots":{"index":"index","follow":"follow","max-snippet":"max-snippet:-1","max-image-preview":"max-image-preview:large","max-video-preview":"max-video-preview:-1"},"canonical":"https:\/\/worldmusic.mus.br\/cifra\/te-amo-a-beca-matheus-e-kauan-cifra\/","og_locale":"pt_BR","og_type":"article","og_title":"Te Amo a Be\u00e7a Matheus e Kauan - Cifra","og_description":"Aprenda a tocar a cifra de Te Amo a Be\u00e7a (Matheus e Kauan) no Xandre Espa\u00e7o Musical. \/ Ainda n\u00e3o sei dizer, o que me completa \/ Ainda n\u00e3o sei por que, eu te amo a be\u00e7a...","og_url":"https:\/\/worldmusic.mus.br\/cifra\/te-amo-a-beca-matheus-e-kauan-cifra\/","og_site_name":"World Music Cifras","article_publisher":"https:\/\/www.facebook.com\/worldmusicescolademusicauberlandia\/","article_published_time":"2020-01-24T13:13:56+00:00","author":"xandre2007","twitter_card":"summary_large_image","twitter_misc":{"Escrito por":"xandre2007","Est. tempo de leitura":"2 minutos"},"schema":{"@context":"https:\/\/schema.org","@graph":[{"@type":"Article","@id":"https:\/\/worldmusic.mus.br\/cifra\/te-amo-a-beca-matheus-e-kauan-cifra\/#article","isPartOf":{"@id":"https:\/\/worldmusic.mus.br\/cifra\/te-amo-a-beca-matheus-e-kauan-cifra\/"},"author":{"name":"xandre2007","@id":"https:\/\/worldmusic.mus.br\/cifra\/#\/schema\/person\/39172d294e60e05d5bb6c0fefbf2e87a"},"headline":"Te Amo a Be\u00e7a Matheus e Kauan &#8211; Cifra","datePublished":"2020-01-24T13:13:56+00:00","mainEntityOfPage":{"@id":"https:\/\/worldmusic.mus.br\/cifra\/te-amo-a-beca-matheus-e-kauan-cifra\/"},"wordCount":10,"publisher":{"@id":"https:\/\/worldmusic.mus.br\/cifra\/#organization"},"image":{"@id":"https:\/\/worldmusic.mus.br\/cifra\/te-amo-a-beca-matheus-e-kauan-cifra\/#primaryimage"},"thumbnailUrl":"","articleSection":["Cifra"],"inLanguage":"pt-BR"},{"@type":"WebPage","@id":"https:\/\/worldmusic.mus.br\/cifra\/te-amo-a-beca-matheus-e-kauan-cifra\/","url":"https:\/\/worldmusic.mus.br\/cifra\/te-amo-a-beca-matheus-e-kauan-cifra\/","name":"Te Amo a Be\u00e7a Matheus e Kauan - Cifra","isPartOf":{"@id":"https:\/\/worldmusic.mus.br\/cifra\/#website"},"primaryImageOfPage":{"@id":"https:\/\/worldmusic.mus.br\/cifra\/te-amo-a-beca-matheus-e-kauan-cifra\/#primaryimage"},"image":{"@id":"https:\/\/worldmusic.mus.br\/cifra\/te-amo-a-beca-matheus-e-kauan-cifra\/#primaryimage"},"thumbnailUrl":"","datePublished":"2020-01-24T13:13:56+00:00","description":"Aprenda a tocar a cifra de Te Amo a Be\u00e7a (Matheus e Kauan) no Xandre Espa\u00e7o Musical. \/ Ainda n\u00e3o sei dizer, o que me completa \/ Ainda n\u00e3o sei por que, eu te amo a be\u00e7a...","breadcrumb":{"@id":"https:\/\/worldmusic.mus.br\/cifra\/te-amo-a-beca-matheus-e-kauan-cifra\/#breadcrumb"},"inLanguage":"pt-BR","potentialAction":[{"@type":"ReadAction","target":["https:\/\/worldmusic.mus.br\/cifra\/te-amo-a-beca-matheus-e-kauan-cifra\/"]}]},{"@type":"ImageObject","inLanguage":"pt-BR","@id":"https:\/\/worldmusic.mus.br\/cifra\/te-amo-a-beca-matheus-e-kauan-cifra\/#primaryimage","url":"","contentUrl":""},{"@type":"BreadcrumbList","@id":"https:\/\/worldmusic.mus.br\/cifra\/te-amo-a-beca-matheus-e-kauan-cifra\/#breadcrumb","itemListElement":[{"@type":"ListItem","position":1,"name":"In\u00edcio","item":"https:\/\/worldmusic.mus.br\/cifra\/"},{"@type":"ListItem","position":2,"name":"Te Amo a Be\u00e7a Matheus e Kauan &#8211; Cifra"}]},{"@type":"WebSite","@id":"https:\/\/worldmusic.mus.br\/cifra\/#website","url":"https:\/\/worldmusic.mus.br\/cifra\/","name":"World Music","description":"Uma ampla cole\u00e7\u00e3o de cifras e tablaturas para m\u00fasicos de todos os n\u00edveis \u2013 do iniciante ao avan\u00e7ado \u2013 abrangendo diversos g\u00eaneros e estilos musicais. Nosso site \u00e9 a escolha certa para quem busca praticidade e precis\u00e3o na execu\u00e7\u00e3o de suas m\u00fasicas favoritas, com um acervo acess\u00edvel e sempre atualizado para suas pr\u00e1ticas e performances.","publisher":{"@id":"https:\/\/worldmusic.mus.br\/cifra\/#organization"},"potentialAction":[{"@type":"SearchAction","target":{"@type":"EntryPoint","urlTemplate":"https:\/\/worldmusic.mus.br\/cifra\/?s={search_term_string}"},"query-input":{"@type":"PropertyValueSpecification","valueRequired":true,"valueName":"search_term_string"}}],"inLanguage":"pt-BR"},{"@type":"Organization","@id":"https:\/\/worldmusic.mus.br\/cifra\/#organization","name":"World Music","url":"https:\/\/worldmusic.mus.br\/cifra\/","logo":{"@type":"ImageObject","inLanguage":"pt-BR","@id":"https:\/\/worldmusic.mus.br\/cifra\/#\/schema\/logo\/image\/","url":"https:\/\/worldmusic.mus.br\/cifra\/wp-content\/uploads\/2024\/10\/cropped-World-Music-Logo.png","contentUrl":"https:\/\/worldmusic.mus.br\/cifra\/wp-content\/uploads\/2024\/10\/cropped-World-Music-Logo.png","width":500,"height":244,"caption":"World Music"},"image":{"@id":"https:\/\/worldmusic.mus.br\/cifra\/#\/schema\/logo\/image\/"},"sameAs":["https:\/\/www.facebook.com\/worldmusicescolademusicauberlandia\/","https:\/\/www.youtube.com\/channel\/UCj0pAbHJVz1ZCStFMBEzWIg?sub_confirmation=1"]},{"@type":"Person","@id":"https:\/\/worldmusic.mus.br\/cifra\/#\/schema\/person\/39172d294e60e05d5bb6c0fefbf2e87a","name":"xandre2007","image":{"@type":"ImageObject","inLanguage":"pt-BR","@id":"https:\/\/worldmusic.mus.br\/cifra\/wp-content\/litespeed\/avatar\/7afb8c6d80555b9330d0a98f54fe1aa0.jpg?ver=1777134963","url":"https:\/\/worldmusic.mus.br\/cifra\/wp-content\/litespeed\/avatar\/7afb8c6d80555b9330d0a98f54fe1aa0.jpg?ver=1777134963","contentUrl":"https:\/\/worldmusic.mus.br\/cifra\/wp-content\/litespeed\/avatar\/7afb8c6d80555b9330d0a98f54fe1aa0.jpg?ver=1777134963","caption":"xandre2007"},"sameAs":["https:\/\/worldmusic.mus.br\/cifra"],"url":"https:\/\/worldmusic.mus.br\/cifra\/author\/xandre2007\/"}]}},"_links":{"self":[{"href":"https:\/\/worldmusic.mus.br\/cifra\/wp-json\/wp\/v2\/posts\/2769","targetHints":{"allow":["GET"]}}],"collection":[{"href":"https:\/\/worldmusic.mus.br\/cifra\/wp-json\/wp\/v2\/posts"}],"about":[{"href":"https:\/\/worldmusic.mus.br\/cifra\/wp-json\/wp\/v2\/types\/post"}],"author":[{"embeddable":true,"href":"https:\/\/worldmusic.mus.br\/cifra\/wp-json\/wp\/v2\/users\/1"}],"replies":[{"embeddable":true,"href":"https:\/\/worldmusic.mus.br\/cifra\/wp-json\/wp\/v2\/comments?post=2769"}],"version-history":[{"count":0,"href":"https:\/\/worldmusic.mus.br\/cifra\/wp-json\/wp\/v2\/posts\/2769\/revisions"}],"wp:featuredmedia":[{"embeddable":true,"href":"https:\/\/worldmusic.mus.br\/cifra\/wp-json\/"}],"wp:attachment":[{"href":"https:\/\/worldmusic.mus.br\/cifra\/wp-json\/wp\/v2\/media?parent=2769"}],"wp:term":[{"taxonomy":"category","embeddable":true,"href":"https:\/\/worldmusic.mus.br\/cifra\/wp-json\/wp\/v2\/categories?post=2769"},{"taxonomy":"post_tag","embeddable":true,"href":"https:\/\/worldmusic.mus.br\/cifra\/wp-json\/wp\/v2\/tags?post=2769"}],"curies":[{"name":"wp","href":"https:\/\/api.w.org\/{rel}","templated":true}]}}