{"id":3852,"date":"2021-02-07T12:45:28","date_gmt":"2021-02-07T15:45:28","guid":{"rendered":"https:\/\/xandre.com.br\/?p=3852"},"modified":"2021-02-07T12:45:28","modified_gmt":"2021-02-07T15:45:28","slug":"facas-part-bruno-e-marrone-diego-e-victor-hugo","status":"publish","type":"post","link":"https:\/\/worldmusic.mus.br\/cifra\/facas-part-bruno-e-marrone-diego-e-victor-hugo\/","title":{"rendered":"Facas (part. Bruno e Marrone) &#8211; Diego e Victor Hugo"},"content":{"rendered":"\n<div class=\"container\"><div class=\"row\"><div class=\"col-sm-8\"><iframe loading=\"lazy\" width=\"360\" height=\"210\" src=\"https:\/\/www.youtube.com\/embed\/VntVkQRaAS8\" frameborder=\"0\" allow=\"accelerometer; autoplay; clipboard-write; encrypted-media; gyroscope; picture-in-picture\" allowfullscreen=\"\"><\/iframe><\/div><div class=\"col-sm-4\">Transpor<div class=\"btn-group\" role=\"group\"><button type=\"button\" onclick=\"baixar()\">&#8211;<\/button><button onclick=\"location.reload()\">\u00bd<\/button><button type=\"button\" onclick=\"subir()\">+<\/button><\/div><\/div><\/div><\/div>\n<pre>Tom:<b>G<\/b> Capotraste na 2\u00aa casa\n[Intro] <b>C<\/b><b>9<\/b>  <b>G<\/b>  <b>C<\/b><b>9<\/b>\n\n[Primeira Parte]\n\n<b>C<\/b><b>9<\/b>\n   Primeiramente guarde suas armas\n                               <b>G<\/b>\nJ\u00e1 me machuca tanto as suas palavras\n\nEu t\u00f4 querendo uma conversa civilizada\n <b>C<\/b><b>9<\/b>\nSei que t\u00e1 esperando uma cr\u00edtica\n\nMas t\u00f4 correndo dessa briga\n <b>G<\/b>\nHoje n\u00e3o tem vil\u00e3o, hoje n\u00e3o tem v\u00edtima\n\nN\u00e3o tem plateia, n\u00e3o tem bebida\n<b>C<\/b><b>9<\/b>\nOu\u00f4, u\u00f4u\u00f4u\u00f4\n\n[Refr\u00e3o]\n\n   <b>C<\/b><b>9<\/b>\nVoc\u00ea com raiva me atacando\n                             <b>G<\/b>\nE eu s\u00f3 com um beijo dou o troco\n    <b>C<\/b><b>9<\/b>\nC\u00ea sabe que a gente n\u00e3o tem moral\n                        <b>G<\/b>\nPra viver longe um do outro\n              <b>Em7<\/b>\nComo se duas facas\n                   <b>Bm7<\/b>\nSe riscassem procurando o corte\n              <b>Am7<\/b>\nS\u00e3o dois cora\u00e7\u00f5es\n      <b>D<\/b><b>7(4\/9)<\/b>             <b>G<\/b>\nDisputando quem \u00e9 o mais forte\n\n   <b>C<\/b><b>9<\/b>\nVoc\u00ea com raiva me atacando\n                             <b>G<\/b>\nE eu s\u00f3 com um beijo dou o troco\n    <b>C<\/b><b>9<\/b>\nC\u00ea sabe que a gente n\u00e3o tem moral\n                        <b>G<\/b>\nPra viver longe um do outro\n              <b>Em7<\/b>\nComo se duas facas\n                   <b>Bm7<\/b>\nSe riscassem procurando o corte\n              <b>Am7<\/b>\nS\u00e3o dois cora\u00e7\u00f5es\n      <b>D<\/b><b>7(4\/9)<\/b>             <b>G<\/b>\nDisputando quem \u00e9 o mais forte\n\n( <b>C<\/b><b>9<\/b>  <b>G<\/b>  <b>C<\/b><b>9<\/b> )\n\n[Primeira Parte]\n\n<b>C<\/b><b>9<\/b>\n   Primeiramente guarde suas armas\n                               <b>G<\/b>\nJ\u00e1 me machuca tanto as suas palavras\n\nEu t\u00f4 querendo uma conversa civilizada\n <b>C<\/b><b>9<\/b>\nSei que t\u00e1 esperando uma cr\u00edtica\n\nMas t\u00f4 correndo dessa briga\n <b>G<\/b>\nHoje n\u00e3o tem vil\u00e3o, hoje n\u00e3o tem v\u00edtima\n\nN\u00e3o tem plateia, n\u00e3o tem bebida\n<b>C<\/b><b>9<\/b>\nOu\u00f4, u\u00f4u\u00f4u\u00f4\n\n[Refr\u00e3o]\n\n   <b>C<\/b><b>9<\/b>\nVoc\u00ea com raiva me atacando\n                             <b>G<\/b>\nE eu s\u00f3 com um beijo dou o troco\n    <b>C<\/b><b>9<\/b>\nC\u00ea sabe que a gente n\u00e3o tem moral\n                        <b>G<\/b>\nPra viver longe um do outro\n              <b>Em7<\/b>\nComo se duas facas\n                   <b>Bm7<\/b>\nSe riscassem procurando o corte\n              <b>Am7<\/b>\nS\u00e3o dois cora\u00e7\u00f5es\n      <b>D<\/b><b>7(4\/9)<\/b>             <b>G<\/b>\nDisputando quem \u00e9 o mais forte\n\n   <b>C<\/b><b>9<\/b>\nVoc\u00ea com raiva me atacando\n                            <b>G<\/b>\nE eu s\u00f3 com um beijo dou o troco\n    <b>C<\/b><b>9<\/b>\nC\u00ea sabe que a gente n\u00e3o tem moral\n                          <b>G<\/b>\nPra viver longe um do outro\n              <b>Em7<\/b>\nComo se duas facas\n                   <b>Bm7<\/b>\nSe riscassem procurando o corte\n              <b>Am7<\/b>\nS\u00e3o dois cora\u00e7\u00f5es\n      <b>D<\/b><b>7(4\/9)<\/b>             <b>G<\/b>\nDisputando quem \u00e9 o mais forte\n              <b>Am7<\/b>\nS\u00e3o dois cora\u00e7\u00f5es\n      <b>D<\/b><b>7(4\/9)<\/b>             <b>C<\/b><b>9<\/b>   <b>G<\/b>\nDisputando quem \u00e9 o mais forte<\/pre>\n\n<script src=\"\/wp-admin\/js\/transpor.js\"><\/script>\n","protected":false},"excerpt":{"rendered":"<p>Transpor &#8211;\u00bd+ Tom:G Capotraste na 2\u00aa casa [Intro] C9 G C9 [Primeira Parte] C9 Primeiramente guarde suas armas G J\u00e1 me machuca tanto as suas palavras Eu t\u00f4 querendo uma conversa civilizada C9 Sei que t\u00e1 esperando uma cr\u00edtica Mas t\u00f4 correndo dessa briga G Hoje n\u00e3o tem vil\u00e3o, hoje n\u00e3o tem v\u00edtima N\u00e3o tem [&hellip;]<\/p>\n","protected":false},"author":1,"featured_media":3859,"comment_status":"closed","ping_status":"closed","sticky":false,"template":"","format":"standard","meta":{"footnotes":""},"categories":[1],"tags":[],"class_list":["post-3852","post","type-post","status-publish","format-standard","has-post-thumbnail","hentry","category-cifra"],"yoast_head":"<!-- This site is optimized with the Yoast SEO plugin v27.5 - https:\/\/yoast.com\/product\/yoast-seo-wordpress\/ -->\n<title>Facas (part. Bruno e Marrone) - Diego e Victor Hugo<\/title>\n<meta name=\"description\" content=\"Aprenda a tocar a cifra de Facas (part. Bruno e Marrone) (Diego e Victor Hugo). Como se duas facas se riscassem procurando o corte \/ S\u00e3o dois ...\" \/>\n<meta name=\"robots\" content=\"index, follow, max-snippet:-1, max-image-preview:large, max-video-preview:-1\" \/>\n<link rel=\"canonical\" href=\"https:\/\/worldmusic.mus.br\/cifra\/facas-part-bruno-e-marrone-diego-e-victor-hugo\/\" \/>\n<meta property=\"og:locale\" content=\"pt_BR\" \/>\n<meta property=\"og:type\" content=\"article\" \/>\n<meta property=\"og:title\" content=\"Facas (part. Bruno e Marrone) - Diego e Victor Hugo\" \/>\n<meta property=\"og:description\" content=\"Aprenda a tocar a cifra de Facas (part. Bruno e Marrone) (Diego e Victor Hugo). Como se duas facas se riscassem procurando o corte \/ S\u00e3o dois ...\" \/>\n<meta property=\"og:url\" content=\"https:\/\/worldmusic.mus.br\/cifra\/facas-part-bruno-e-marrone-diego-e-victor-hugo\/\" \/>\n<meta property=\"og:site_name\" content=\"World Music Cifras\" \/>\n<meta property=\"article:publisher\" content=\"https:\/\/www.facebook.com\/worldmusicescolademusicauberlandia\/\" \/>\n<meta property=\"article:published_time\" content=\"2021-02-07T15:45:28+00:00\" \/>\n<meta name=\"author\" content=\"xandre2007\" \/>\n<meta name=\"twitter:card\" content=\"summary_large_image\" \/>\n<meta name=\"twitter:label1\" content=\"Escrito por\" \/>\n\t<meta name=\"twitter:data1\" content=\"xandre2007\" \/>\n\t<meta name=\"twitter:label2\" content=\"Est. tempo de leitura\" \/>\n\t<meta name=\"twitter:data2\" content=\"2 minutos\" \/>\n<script type=\"application\/ld+json\" class=\"yoast-schema-graph\">{\"@context\":\"https:\\\/\\\/schema.org\",\"@graph\":[{\"@type\":\"Article\",\"@id\":\"https:\\\/\\\/worldmusic.mus.br\\\/cifra\\\/facas-part-bruno-e-marrone-diego-e-victor-hugo\\\/#article\",\"isPartOf\":{\"@id\":\"https:\\\/\\\/worldmusic.mus.br\\\/cifra\\\/facas-part-bruno-e-marrone-diego-e-victor-hugo\\\/\"},\"author\":{\"name\":\"xandre2007\",\"@id\":\"https:\\\/\\\/worldmusic.mus.br\\\/cifra\\\/#\\\/schema\\\/person\\\/39172d294e60e05d5bb6c0fefbf2e87a\"},\"headline\":\"Facas (part. Bruno e Marrone) &#8211; Diego e Victor Hugo\",\"datePublished\":\"2021-02-07T15:45:28+00:00\",\"mainEntityOfPage\":{\"@id\":\"https:\\\/\\\/worldmusic.mus.br\\\/cifra\\\/facas-part-bruno-e-marrone-diego-e-victor-hugo\\\/\"},\"wordCount\":12,\"publisher\":{\"@id\":\"https:\\\/\\\/worldmusic.mus.br\\\/cifra\\\/#organization\"},\"image\":{\"@id\":\"https:\\\/\\\/worldmusic.mus.br\\\/cifra\\\/facas-part-bruno-e-marrone-diego-e-victor-hugo\\\/#primaryimage\"},\"thumbnailUrl\":\"\",\"articleSection\":[\"Cifra\"],\"inLanguage\":\"pt-BR\"},{\"@type\":\"WebPage\",\"@id\":\"https:\\\/\\\/worldmusic.mus.br\\\/cifra\\\/facas-part-bruno-e-marrone-diego-e-victor-hugo\\\/\",\"url\":\"https:\\\/\\\/worldmusic.mus.br\\\/cifra\\\/facas-part-bruno-e-marrone-diego-e-victor-hugo\\\/\",\"name\":\"Facas (part. Bruno e Marrone) - Diego e Victor Hugo\",\"isPartOf\":{\"@id\":\"https:\\\/\\\/worldmusic.mus.br\\\/cifra\\\/#website\"},\"primaryImageOfPage\":{\"@id\":\"https:\\\/\\\/worldmusic.mus.br\\\/cifra\\\/facas-part-bruno-e-marrone-diego-e-victor-hugo\\\/#primaryimage\"},\"image\":{\"@id\":\"https:\\\/\\\/worldmusic.mus.br\\\/cifra\\\/facas-part-bruno-e-marrone-diego-e-victor-hugo\\\/#primaryimage\"},\"thumbnailUrl\":\"\",\"datePublished\":\"2021-02-07T15:45:28+00:00\",\"description\":\"Aprenda a tocar a cifra de Facas (part. Bruno e Marrone) (Diego e Victor Hugo). Como se duas facas se riscassem procurando o corte \\\/ S\u00e3o dois ...\",\"breadcrumb\":{\"@id\":\"https:\\\/\\\/worldmusic.mus.br\\\/cifra\\\/facas-part-bruno-e-marrone-diego-e-victor-hugo\\\/#breadcrumb\"},\"inLanguage\":\"pt-BR\",\"potentialAction\":[{\"@type\":\"ReadAction\",\"target\":[\"https:\\\/\\\/worldmusic.mus.br\\\/cifra\\\/facas-part-bruno-e-marrone-diego-e-victor-hugo\\\/\"]}]},{\"@type\":\"ImageObject\",\"inLanguage\":\"pt-BR\",\"@id\":\"https:\\\/\\\/worldmusic.mus.br\\\/cifra\\\/facas-part-bruno-e-marrone-diego-e-victor-hugo\\\/#primaryimage\",\"url\":\"\",\"contentUrl\":\"\"},{\"@type\":\"BreadcrumbList\",\"@id\":\"https:\\\/\\\/worldmusic.mus.br\\\/cifra\\\/facas-part-bruno-e-marrone-diego-e-victor-hugo\\\/#breadcrumb\",\"itemListElement\":[{\"@type\":\"ListItem\",\"position\":1,\"name\":\"In\u00edcio\",\"item\":\"https:\\\/\\\/worldmusic.mus.br\\\/cifra\\\/\"},{\"@type\":\"ListItem\",\"position\":2,\"name\":\"Facas (part. Bruno e Marrone) &#8211; Diego e Victor Hugo\"}]},{\"@type\":\"WebSite\",\"@id\":\"https:\\\/\\\/worldmusic.mus.br\\\/cifra\\\/#website\",\"url\":\"https:\\\/\\\/worldmusic.mus.br\\\/cifra\\\/\",\"name\":\"World Music\",\"description\":\"Uma ampla cole\u00e7\u00e3o de cifras e tablaturas para m\u00fasicos de todos os n\u00edveis \u2013 do iniciante ao avan\u00e7ado \u2013 abrangendo diversos g\u00eaneros e estilos musicais. Nosso site \u00e9 a escolha certa para quem busca praticidade e precis\u00e3o na execu\u00e7\u00e3o de suas m\u00fasicas favoritas, com um acervo acess\u00edvel e sempre atualizado para suas pr\u00e1ticas e performances.\",\"publisher\":{\"@id\":\"https:\\\/\\\/worldmusic.mus.br\\\/cifra\\\/#organization\"},\"potentialAction\":[{\"@type\":\"SearchAction\",\"target\":{\"@type\":\"EntryPoint\",\"urlTemplate\":\"https:\\\/\\\/worldmusic.mus.br\\\/cifra\\\/?s={search_term_string}\"},\"query-input\":{\"@type\":\"PropertyValueSpecification\",\"valueRequired\":true,\"valueName\":\"search_term_string\"}}],\"inLanguage\":\"pt-BR\"},{\"@type\":\"Organization\",\"@id\":\"https:\\\/\\\/worldmusic.mus.br\\\/cifra\\\/#organization\",\"name\":\"World Music\",\"url\":\"https:\\\/\\\/worldmusic.mus.br\\\/cifra\\\/\",\"logo\":{\"@type\":\"ImageObject\",\"inLanguage\":\"pt-BR\",\"@id\":\"https:\\\/\\\/worldmusic.mus.br\\\/cifra\\\/#\\\/schema\\\/logo\\\/image\\\/\",\"url\":\"https:\\\/\\\/worldmusic.mus.br\\\/cifra\\\/wp-content\\\/uploads\\\/2024\\\/10\\\/cropped-World-Music-Logo.png\",\"contentUrl\":\"https:\\\/\\\/worldmusic.mus.br\\\/cifra\\\/wp-content\\\/uploads\\\/2024\\\/10\\\/cropped-World-Music-Logo.png\",\"width\":500,\"height\":244,\"caption\":\"World Music\"},\"image\":{\"@id\":\"https:\\\/\\\/worldmusic.mus.br\\\/cifra\\\/#\\\/schema\\\/logo\\\/image\\\/\"},\"sameAs\":[\"https:\\\/\\\/www.facebook.com\\\/worldmusicescolademusicauberlandia\\\/\",\"https:\\\/\\\/www.youtube.com\\\/channel\\\/UCj0pAbHJVz1ZCStFMBEzWIg?sub_confirmation=1\"]},{\"@type\":\"Person\",\"@id\":\"https:\\\/\\\/worldmusic.mus.br\\\/cifra\\\/#\\\/schema\\\/person\\\/39172d294e60e05d5bb6c0fefbf2e87a\",\"name\":\"xandre2007\",\"image\":{\"@type\":\"ImageObject\",\"inLanguage\":\"pt-BR\",\"@id\":\"https:\\\/\\\/worldmusic.mus.br\\\/cifra\\\/wp-content\\\/litespeed\\\/avatar\\\/7afb8c6d80555b9330d0a98f54fe1aa0.jpg?ver=1777134963\",\"url\":\"https:\\\/\\\/worldmusic.mus.br\\\/cifra\\\/wp-content\\\/litespeed\\\/avatar\\\/7afb8c6d80555b9330d0a98f54fe1aa0.jpg?ver=1777134963\",\"contentUrl\":\"https:\\\/\\\/worldmusic.mus.br\\\/cifra\\\/wp-content\\\/litespeed\\\/avatar\\\/7afb8c6d80555b9330d0a98f54fe1aa0.jpg?ver=1777134963\",\"caption\":\"xandre2007\"},\"sameAs\":[\"https:\\\/\\\/worldmusic.mus.br\\\/cifra\"],\"url\":\"https:\\\/\\\/worldmusic.mus.br\\\/cifra\\\/author\\\/xandre2007\\\/\"}]}<\/script>\n<!-- \/ Yoast SEO plugin. -->","yoast_head_json":{"title":"Facas (part. Bruno e Marrone) - Diego e Victor Hugo","description":"Aprenda a tocar a cifra de Facas (part. Bruno e Marrone) (Diego e Victor Hugo). Como se duas facas se riscassem procurando o corte \/ S\u00e3o dois ...","robots":{"index":"index","follow":"follow","max-snippet":"max-snippet:-1","max-image-preview":"max-image-preview:large","max-video-preview":"max-video-preview:-1"},"canonical":"https:\/\/worldmusic.mus.br\/cifra\/facas-part-bruno-e-marrone-diego-e-victor-hugo\/","og_locale":"pt_BR","og_type":"article","og_title":"Facas (part. Bruno e Marrone) - Diego e Victor Hugo","og_description":"Aprenda a tocar a cifra de Facas (part. Bruno e Marrone) (Diego e Victor Hugo). Como se duas facas se riscassem procurando o corte \/ S\u00e3o dois ...","og_url":"https:\/\/worldmusic.mus.br\/cifra\/facas-part-bruno-e-marrone-diego-e-victor-hugo\/","og_site_name":"World Music Cifras","article_publisher":"https:\/\/www.facebook.com\/worldmusicescolademusicauberlandia\/","article_published_time":"2021-02-07T15:45:28+00:00","author":"xandre2007","twitter_card":"summary_large_image","twitter_misc":{"Escrito por":"xandre2007","Est. tempo de leitura":"2 minutos"},"schema":{"@context":"https:\/\/schema.org","@graph":[{"@type":"Article","@id":"https:\/\/worldmusic.mus.br\/cifra\/facas-part-bruno-e-marrone-diego-e-victor-hugo\/#article","isPartOf":{"@id":"https:\/\/worldmusic.mus.br\/cifra\/facas-part-bruno-e-marrone-diego-e-victor-hugo\/"},"author":{"name":"xandre2007","@id":"https:\/\/worldmusic.mus.br\/cifra\/#\/schema\/person\/39172d294e60e05d5bb6c0fefbf2e87a"},"headline":"Facas (part. Bruno e Marrone) &#8211; Diego e Victor Hugo","datePublished":"2021-02-07T15:45:28+00:00","mainEntityOfPage":{"@id":"https:\/\/worldmusic.mus.br\/cifra\/facas-part-bruno-e-marrone-diego-e-victor-hugo\/"},"wordCount":12,"publisher":{"@id":"https:\/\/worldmusic.mus.br\/cifra\/#organization"},"image":{"@id":"https:\/\/worldmusic.mus.br\/cifra\/facas-part-bruno-e-marrone-diego-e-victor-hugo\/#primaryimage"},"thumbnailUrl":"","articleSection":["Cifra"],"inLanguage":"pt-BR"},{"@type":"WebPage","@id":"https:\/\/worldmusic.mus.br\/cifra\/facas-part-bruno-e-marrone-diego-e-victor-hugo\/","url":"https:\/\/worldmusic.mus.br\/cifra\/facas-part-bruno-e-marrone-diego-e-victor-hugo\/","name":"Facas (part. Bruno e Marrone) - Diego e Victor Hugo","isPartOf":{"@id":"https:\/\/worldmusic.mus.br\/cifra\/#website"},"primaryImageOfPage":{"@id":"https:\/\/worldmusic.mus.br\/cifra\/facas-part-bruno-e-marrone-diego-e-victor-hugo\/#primaryimage"},"image":{"@id":"https:\/\/worldmusic.mus.br\/cifra\/facas-part-bruno-e-marrone-diego-e-victor-hugo\/#primaryimage"},"thumbnailUrl":"","datePublished":"2021-02-07T15:45:28+00:00","description":"Aprenda a tocar a cifra de Facas (part. Bruno e Marrone) (Diego e Victor Hugo). Como se duas facas se riscassem procurando o corte \/ S\u00e3o dois ...","breadcrumb":{"@id":"https:\/\/worldmusic.mus.br\/cifra\/facas-part-bruno-e-marrone-diego-e-victor-hugo\/#breadcrumb"},"inLanguage":"pt-BR","potentialAction":[{"@type":"ReadAction","target":["https:\/\/worldmusic.mus.br\/cifra\/facas-part-bruno-e-marrone-diego-e-victor-hugo\/"]}]},{"@type":"ImageObject","inLanguage":"pt-BR","@id":"https:\/\/worldmusic.mus.br\/cifra\/facas-part-bruno-e-marrone-diego-e-victor-hugo\/#primaryimage","url":"","contentUrl":""},{"@type":"BreadcrumbList","@id":"https:\/\/worldmusic.mus.br\/cifra\/facas-part-bruno-e-marrone-diego-e-victor-hugo\/#breadcrumb","itemListElement":[{"@type":"ListItem","position":1,"name":"In\u00edcio","item":"https:\/\/worldmusic.mus.br\/cifra\/"},{"@type":"ListItem","position":2,"name":"Facas (part. Bruno e Marrone) &#8211; Diego e Victor Hugo"}]},{"@type":"WebSite","@id":"https:\/\/worldmusic.mus.br\/cifra\/#website","url":"https:\/\/worldmusic.mus.br\/cifra\/","name":"World Music","description":"Uma ampla cole\u00e7\u00e3o de cifras e tablaturas para m\u00fasicos de todos os n\u00edveis \u2013 do iniciante ao avan\u00e7ado \u2013 abrangendo diversos g\u00eaneros e estilos musicais. Nosso site \u00e9 a escolha certa para quem busca praticidade e precis\u00e3o na execu\u00e7\u00e3o de suas m\u00fasicas favoritas, com um acervo acess\u00edvel e sempre atualizado para suas pr\u00e1ticas e performances.","publisher":{"@id":"https:\/\/worldmusic.mus.br\/cifra\/#organization"},"potentialAction":[{"@type":"SearchAction","target":{"@type":"EntryPoint","urlTemplate":"https:\/\/worldmusic.mus.br\/cifra\/?s={search_term_string}"},"query-input":{"@type":"PropertyValueSpecification","valueRequired":true,"valueName":"search_term_string"}}],"inLanguage":"pt-BR"},{"@type":"Organization","@id":"https:\/\/worldmusic.mus.br\/cifra\/#organization","name":"World Music","url":"https:\/\/worldmusic.mus.br\/cifra\/","logo":{"@type":"ImageObject","inLanguage":"pt-BR","@id":"https:\/\/worldmusic.mus.br\/cifra\/#\/schema\/logo\/image\/","url":"https:\/\/worldmusic.mus.br\/cifra\/wp-content\/uploads\/2024\/10\/cropped-World-Music-Logo.png","contentUrl":"https:\/\/worldmusic.mus.br\/cifra\/wp-content\/uploads\/2024\/10\/cropped-World-Music-Logo.png","width":500,"height":244,"caption":"World Music"},"image":{"@id":"https:\/\/worldmusic.mus.br\/cifra\/#\/schema\/logo\/image\/"},"sameAs":["https:\/\/www.facebook.com\/worldmusicescolademusicauberlandia\/","https:\/\/www.youtube.com\/channel\/UCj0pAbHJVz1ZCStFMBEzWIg?sub_confirmation=1"]},{"@type":"Person","@id":"https:\/\/worldmusic.mus.br\/cifra\/#\/schema\/person\/39172d294e60e05d5bb6c0fefbf2e87a","name":"xandre2007","image":{"@type":"ImageObject","inLanguage":"pt-BR","@id":"https:\/\/worldmusic.mus.br\/cifra\/wp-content\/litespeed\/avatar\/7afb8c6d80555b9330d0a98f54fe1aa0.jpg?ver=1777134963","url":"https:\/\/worldmusic.mus.br\/cifra\/wp-content\/litespeed\/avatar\/7afb8c6d80555b9330d0a98f54fe1aa0.jpg?ver=1777134963","contentUrl":"https:\/\/worldmusic.mus.br\/cifra\/wp-content\/litespeed\/avatar\/7afb8c6d80555b9330d0a98f54fe1aa0.jpg?ver=1777134963","caption":"xandre2007"},"sameAs":["https:\/\/worldmusic.mus.br\/cifra"],"url":"https:\/\/worldmusic.mus.br\/cifra\/author\/xandre2007\/"}]}},"_links":{"self":[{"href":"https:\/\/worldmusic.mus.br\/cifra\/wp-json\/wp\/v2\/posts\/3852","targetHints":{"allow":["GET"]}}],"collection":[{"href":"https:\/\/worldmusic.mus.br\/cifra\/wp-json\/wp\/v2\/posts"}],"about":[{"href":"https:\/\/worldmusic.mus.br\/cifra\/wp-json\/wp\/v2\/types\/post"}],"author":[{"embeddable":true,"href":"https:\/\/worldmusic.mus.br\/cifra\/wp-json\/wp\/v2\/users\/1"}],"replies":[{"embeddable":true,"href":"https:\/\/worldmusic.mus.br\/cifra\/wp-json\/wp\/v2\/comments?post=3852"}],"version-history":[{"count":0,"href":"https:\/\/worldmusic.mus.br\/cifra\/wp-json\/wp\/v2\/posts\/3852\/revisions"}],"wp:featuredmedia":[{"embeddable":true,"href":"https:\/\/worldmusic.mus.br\/cifra\/wp-json\/"}],"wp:attachment":[{"href":"https:\/\/worldmusic.mus.br\/cifra\/wp-json\/wp\/v2\/media?parent=3852"}],"wp:term":[{"taxonomy":"category","embeddable":true,"href":"https:\/\/worldmusic.mus.br\/cifra\/wp-json\/wp\/v2\/categories?post=3852"},{"taxonomy":"post_tag","embeddable":true,"href":"https:\/\/worldmusic.mus.br\/cifra\/wp-json\/wp\/v2\/tags?post=3852"}],"curies":[{"name":"wp","href":"https:\/\/api.w.org\/{rel}","templated":true}]}}