{"id":4526,"date":"2022-05-06T10:32:54","date_gmt":"2022-05-06T13:32:54","guid":{"rendered":"https:\/\/xandre.com.br\/?p=4526"},"modified":"2022-05-06T10:32:54","modified_gmt":"2022-05-06T13:32:54","slug":"trem-bala-ana-vilela-simplicada","status":"publish","type":"post","link":"https:\/\/worldmusic.mus.br\/cifra\/trem-bala-ana-vilela-simplicada\/","title":{"rendered":"Trem Bala Ana Vilela Simplicada"},"content":{"rendered":"<div class=\"container\">\n<div class=\"row\">\n<div class=\"col-sm-8\"><iframe loading=\"lazy\" width=\"360\" height=\"200\" src=\"https:\/\/www.youtube.com\/embed\/TEjqASLuRGw\" frameborder=\"0\" allow=\"accelerometer; autoplay; clipboard-write; encrypted-media; gyroscope; picture-in-picture\" allowfullscreen=\"\"><\/iframe><\/div>\n<div class=\"col-sm-4\">Transpor<\/p>\n<div class=\"btn-group\" role=\"group\"><button type=\"button\" onclick=\"baixar()\">&#8211;<\/button><button onclick=\"location.reload()\">\u00bd<\/button><button type=\"button\" onclick=\"subir()\">+<\/button><\/div>\n<\/div>\n<\/div>\n<\/div>\n<pre>Intro: <b>A<\/b>   <b>D<\/b>   <b>A<\/b>   <b>E<\/b>\n\nEstrofe:\n\n             <b>A<\/b>\nN\u00e3o \u00e9 sobre ter\n                               <b>D<\/b>\nTodas as pessoas do mundo pra si\n           <b>A<\/b>\n\u00c9 sobre saber\n                                    <b>E<\/b>\nQue em algum lugar algu\u00e9m zela por ti\n\n            <b>A<\/b>\n\u00c9 sobre cantar e poder escutar\n                <b>D<\/b>\nMais do que a pr\u00f3pria voz\n            <b>A<\/b>\n\u00c9 sobre dan\u00e7ar\n                                <b>E<\/b>\nNa chuva de vida que cai sobre n\u00f3s\n\nRefr\u00e3o:\n\n     <b>D<\/b>\n\u00c9 saber se sentir infinito\n        <b>E<\/b>\nNum universo t\u00e3o vasto e bonito\n            <b>A<\/b>\n\u00c9 saber sonhar\n   <b>D<\/b>\nEnt\u00e3o fazer valer a pena\n      <b>E<\/b>\nCada verso daquele poema\n             <b>A<\/b>\nSobre acreditar\n\nEstrofe:\n\nN\u00e3o \u00e9 sobre chegar\n                          <b>D<\/b>\nNo topo do mundo e saber que venceu\n             <b>A<\/b>\n\u00c9 sobre escalar\n                                  <b>E<\/b>\nE sentir que o caminho te fortaleceu\n\n               <b>A<\/b>\n\u00c9 sobre ser abrigo\n                               <b>D<\/b>\nE tamb\u00e9m ter morada em outros cora\u00e7\u00f5es\n              <b>A<\/b>\nE assim ter amigos\n                          <b>E<\/b>\nContigo em todas as situa\u00e7\u00f5es\n\nRefr\u00e3o:\n\n   <b>D<\/b>\nA gente n\u00e3o pode ter tudo\n        <b>E<\/b>\nQual seria a gra\u00e7a do mundo\n            <b>A<\/b>\nSe fosse assim\n    <b>D<\/b>\nPor isso eu prefiro sorrisos\n         <b>E<\/b>\nE os presentes que a vida trouxe\n              <b>A<\/b>\nPra perto de mim\n\nEstrofe:\n\nN\u00e3o \u00e9 sobre tudo\n                                   <b>D<\/b>\nQue o seu dinheiro \u00e9 capaz de comprar\n             <b>A<\/b>\nE sim sobre cada momento\n                       <b>E<\/b>\nSorriso a se compartilhar\n\n              <b>A<\/b>\nTamb\u00e9m n\u00e3o \u00e9 sobre\n\nCorrer contra o tempo\n                <b>D<\/b>\nPra ter sempre mais\n               <b>A<\/b>\nPorque quando menos se espera\n                      <b>E<\/b>\nA vida j\u00e1 ficou pra tr\u00e1s\n\nRefr\u00e3o:\n\n   <b>D<\/b>\nSegura teu filho no colo\n    <b>E<\/b>\nSorria e abra\u00e7a os teus pais\n                 <b>A<\/b>\nEnquanto est\u00e3o aqui\n\n       <b>D<\/b>\nQue a vida \u00e9 trem bala, parceiro\n     <b>E<\/b>\nE a gente \u00e9 s\u00f3 passageiro\n           <b>A<\/b>\nPrestes a partir\n\n   <b>D<\/b>           <b>E<\/b>           <b>A<\/b>\nLai\u00e1, lai\u00e1, lai\u00e1, lai\u00e1, lai\u00e1\n\n   <b>D<\/b>           <b>E<\/b>           <b>A<\/b>\nLai\u00e1, lai\u00e1, lai\u00e1, lai\u00e1, lai\u00e1\n\nRefr\u00e3o Final:\n\n   <b>D<\/b>\nSegura teu filho no colo\n    <b>E<\/b>\nSorria e abra\u00e7a os teus pais\n                 <b>A<\/b>\nEnquanto est\u00e3o aqui\n\n       <b>D<\/b>\nQue a vida \u00e9 trem bala, parceiro\n     <b>E<\/b>\nE a gente \u00e9 s\u00f3 passageiro\n           <b>A<\/b>\nPrestes a partir<\/pre>\n<p><script src=\"\/wp-admin\/js\/transpor.js\"><\/script><\/p>\n","protected":false},"excerpt":{"rendered":"<p>Transpor &#8211;\u00bd+ Intro: A D A E Estrofe: A N\u00e3o \u00e9 sobre ter D Todas as pessoas do mundo pra si A \u00c9 sobre saber E Que em algum lugar algu\u00e9m zela por ti A \u00c9 sobre cantar e poder escutar D Mais do que a pr\u00f3pria voz A \u00c9 sobre dan\u00e7ar E Na chuva [&hellip;]<\/p>\n","protected":false},"author":1,"featured_media":4529,"comment_status":"closed","ping_status":"open","sticky":false,"template":"","format":"standard","meta":{"footnotes":""},"categories":[1],"tags":[],"class_list":["post-4526","post","type-post","status-publish","format-standard","has-post-thumbnail","hentry","category-cifra"],"yoast_head":"<!-- This site is optimized with the Yoast SEO plugin v27.5 - https:\/\/yoast.com\/product\/yoast-seo-wordpress\/ -->\n<title>Trem Bala Ana Vilela Simplicada<\/title>\n<meta name=\"description\" content=\"Cifras f\u00e1ceis, completas e precisas para voc\u00ea tocar qualquer m\u00fasica! Explore nosso acervo e aprimore seu talento!\" \/>\n<meta name=\"robots\" content=\"index, follow, max-snippet:-1, max-image-preview:large, max-video-preview:-1\" \/>\n<link rel=\"canonical\" href=\"https:\/\/worldmusic.mus.br\/cifra\/trem-bala-ana-vilela-simplicada\/\" \/>\n<meta property=\"og:locale\" content=\"pt_BR\" \/>\n<meta property=\"og:type\" content=\"article\" \/>\n<meta property=\"og:title\" content=\"Trem Bala Ana Vilela Simplicada\" \/>\n<meta property=\"og:description\" content=\"Cifras f\u00e1ceis, completas e precisas para voc\u00ea tocar qualquer m\u00fasica! Explore nosso acervo e aprimore seu talento!\" \/>\n<meta property=\"og:url\" content=\"https:\/\/worldmusic.mus.br\/cifra\/trem-bala-ana-vilela-simplicada\/\" \/>\n<meta property=\"og:site_name\" content=\"World Music Cifras\" \/>\n<meta property=\"article:publisher\" content=\"https:\/\/www.facebook.com\/worldmusicescolademusicauberlandia\/\" \/>\n<meta property=\"article:published_time\" content=\"2022-05-06T13:32:54+00:00\" \/>\n<meta name=\"author\" content=\"xandre2007\" \/>\n<meta name=\"twitter:card\" content=\"summary_large_image\" \/>\n<meta name=\"twitter:label1\" content=\"Escrito por\" \/>\n\t<meta name=\"twitter:data1\" content=\"xandre2007\" \/>\n\t<meta name=\"twitter:label2\" content=\"Est. tempo de leitura\" \/>\n\t<meta name=\"twitter:data2\" content=\"2 minutos\" \/>\n<script type=\"application\/ld+json\" class=\"yoast-schema-graph\">{\"@context\":\"https:\\\/\\\/schema.org\",\"@graph\":[{\"@type\":\"Article\",\"@id\":\"https:\\\/\\\/worldmusic.mus.br\\\/cifra\\\/trem-bala-ana-vilela-simplicada\\\/#article\",\"isPartOf\":{\"@id\":\"https:\\\/\\\/worldmusic.mus.br\\\/cifra\\\/trem-bala-ana-vilela-simplicada\\\/\"},\"author\":{\"name\":\"xandre2007\",\"@id\":\"https:\\\/\\\/worldmusic.mus.br\\\/cifra\\\/#\\\/schema\\\/person\\\/39172d294e60e05d5bb6c0fefbf2e87a\"},\"headline\":\"Trem Bala Ana Vilela Simplicada\",\"datePublished\":\"2022-05-06T13:32:54+00:00\",\"mainEntityOfPage\":{\"@id\":\"https:\\\/\\\/worldmusic.mus.br\\\/cifra\\\/trem-bala-ana-vilela-simplicada\\\/\"},\"wordCount\":7,\"publisher\":{\"@id\":\"https:\\\/\\\/worldmusic.mus.br\\\/cifra\\\/#organization\"},\"image\":{\"@id\":\"https:\\\/\\\/worldmusic.mus.br\\\/cifra\\\/trem-bala-ana-vilela-simplicada\\\/#primaryimage\"},\"thumbnailUrl\":\"\",\"articleSection\":[\"Cifra\"],\"inLanguage\":\"pt-BR\"},{\"@type\":\"WebPage\",\"@id\":\"https:\\\/\\\/worldmusic.mus.br\\\/cifra\\\/trem-bala-ana-vilela-simplicada\\\/\",\"url\":\"https:\\\/\\\/worldmusic.mus.br\\\/cifra\\\/trem-bala-ana-vilela-simplicada\\\/\",\"name\":\"Trem Bala Ana Vilela Simplicada\",\"isPartOf\":{\"@id\":\"https:\\\/\\\/worldmusic.mus.br\\\/cifra\\\/#website\"},\"primaryImageOfPage\":{\"@id\":\"https:\\\/\\\/worldmusic.mus.br\\\/cifra\\\/trem-bala-ana-vilela-simplicada\\\/#primaryimage\"},\"image\":{\"@id\":\"https:\\\/\\\/worldmusic.mus.br\\\/cifra\\\/trem-bala-ana-vilela-simplicada\\\/#primaryimage\"},\"thumbnailUrl\":\"\",\"datePublished\":\"2022-05-06T13:32:54+00:00\",\"description\":\"Cifras f\u00e1ceis, completas e precisas para voc\u00ea tocar qualquer m\u00fasica! Explore nosso acervo e aprimore seu talento!\",\"breadcrumb\":{\"@id\":\"https:\\\/\\\/worldmusic.mus.br\\\/cifra\\\/trem-bala-ana-vilela-simplicada\\\/#breadcrumb\"},\"inLanguage\":\"pt-BR\",\"potentialAction\":[{\"@type\":\"ReadAction\",\"target\":[\"https:\\\/\\\/worldmusic.mus.br\\\/cifra\\\/trem-bala-ana-vilela-simplicada\\\/\"]}]},{\"@type\":\"ImageObject\",\"inLanguage\":\"pt-BR\",\"@id\":\"https:\\\/\\\/worldmusic.mus.br\\\/cifra\\\/trem-bala-ana-vilela-simplicada\\\/#primaryimage\",\"url\":\"\",\"contentUrl\":\"\"},{\"@type\":\"BreadcrumbList\",\"@id\":\"https:\\\/\\\/worldmusic.mus.br\\\/cifra\\\/trem-bala-ana-vilela-simplicada\\\/#breadcrumb\",\"itemListElement\":[{\"@type\":\"ListItem\",\"position\":1,\"name\":\"In\u00edcio\",\"item\":\"https:\\\/\\\/worldmusic.mus.br\\\/cifra\\\/\"},{\"@type\":\"ListItem\",\"position\":2,\"name\":\"Trem Bala Ana Vilela Simplicada\"}]},{\"@type\":\"WebSite\",\"@id\":\"https:\\\/\\\/worldmusic.mus.br\\\/cifra\\\/#website\",\"url\":\"https:\\\/\\\/worldmusic.mus.br\\\/cifra\\\/\",\"name\":\"World Music\",\"description\":\"Uma ampla cole\u00e7\u00e3o de cifras e tablaturas para m\u00fasicos de todos os n\u00edveis \u2013 do iniciante ao avan\u00e7ado \u2013 abrangendo diversos g\u00eaneros e estilos musicais. Nosso site \u00e9 a escolha certa para quem busca praticidade e precis\u00e3o na execu\u00e7\u00e3o de suas m\u00fasicas favoritas, com um acervo acess\u00edvel e sempre atualizado para suas pr\u00e1ticas e performances.\",\"publisher\":{\"@id\":\"https:\\\/\\\/worldmusic.mus.br\\\/cifra\\\/#organization\"},\"potentialAction\":[{\"@type\":\"SearchAction\",\"target\":{\"@type\":\"EntryPoint\",\"urlTemplate\":\"https:\\\/\\\/worldmusic.mus.br\\\/cifra\\\/?s={search_term_string}\"},\"query-input\":{\"@type\":\"PropertyValueSpecification\",\"valueRequired\":true,\"valueName\":\"search_term_string\"}}],\"inLanguage\":\"pt-BR\"},{\"@type\":\"Organization\",\"@id\":\"https:\\\/\\\/worldmusic.mus.br\\\/cifra\\\/#organization\",\"name\":\"World Music\",\"url\":\"https:\\\/\\\/worldmusic.mus.br\\\/cifra\\\/\",\"logo\":{\"@type\":\"ImageObject\",\"inLanguage\":\"pt-BR\",\"@id\":\"https:\\\/\\\/worldmusic.mus.br\\\/cifra\\\/#\\\/schema\\\/logo\\\/image\\\/\",\"url\":\"https:\\\/\\\/worldmusic.mus.br\\\/cifra\\\/wp-content\\\/uploads\\\/2024\\\/10\\\/cropped-World-Music-Logo.png\",\"contentUrl\":\"https:\\\/\\\/worldmusic.mus.br\\\/cifra\\\/wp-content\\\/uploads\\\/2024\\\/10\\\/cropped-World-Music-Logo.png\",\"width\":500,\"height\":244,\"caption\":\"World Music\"},\"image\":{\"@id\":\"https:\\\/\\\/worldmusic.mus.br\\\/cifra\\\/#\\\/schema\\\/logo\\\/image\\\/\"},\"sameAs\":[\"https:\\\/\\\/www.facebook.com\\\/worldmusicescolademusicauberlandia\\\/\",\"https:\\\/\\\/www.youtube.com\\\/channel\\\/UCj0pAbHJVz1ZCStFMBEzWIg?sub_confirmation=1\"]},{\"@type\":\"Person\",\"@id\":\"https:\\\/\\\/worldmusic.mus.br\\\/cifra\\\/#\\\/schema\\\/person\\\/39172d294e60e05d5bb6c0fefbf2e87a\",\"name\":\"xandre2007\",\"image\":{\"@type\":\"ImageObject\",\"inLanguage\":\"pt-BR\",\"@id\":\"https:\\\/\\\/worldmusic.mus.br\\\/cifra\\\/wp-content\\\/litespeed\\\/avatar\\\/7afb8c6d80555b9330d0a98f54fe1aa0.jpg?ver=1777134963\",\"url\":\"https:\\\/\\\/worldmusic.mus.br\\\/cifra\\\/wp-content\\\/litespeed\\\/avatar\\\/7afb8c6d80555b9330d0a98f54fe1aa0.jpg?ver=1777134963\",\"contentUrl\":\"https:\\\/\\\/worldmusic.mus.br\\\/cifra\\\/wp-content\\\/litespeed\\\/avatar\\\/7afb8c6d80555b9330d0a98f54fe1aa0.jpg?ver=1777134963\",\"caption\":\"xandre2007\"},\"sameAs\":[\"https:\\\/\\\/worldmusic.mus.br\\\/cifra\"],\"url\":\"https:\\\/\\\/worldmusic.mus.br\\\/cifra\\\/author\\\/xandre2007\\\/\"}]}<\/script>\n<!-- \/ Yoast SEO plugin. -->","yoast_head_json":{"title":"Trem Bala Ana Vilela Simplicada","description":"Cifras f\u00e1ceis, completas e precisas para voc\u00ea tocar qualquer m\u00fasica! Explore nosso acervo e aprimore seu talento!","robots":{"index":"index","follow":"follow","max-snippet":"max-snippet:-1","max-image-preview":"max-image-preview:large","max-video-preview":"max-video-preview:-1"},"canonical":"https:\/\/worldmusic.mus.br\/cifra\/trem-bala-ana-vilela-simplicada\/","og_locale":"pt_BR","og_type":"article","og_title":"Trem Bala Ana Vilela Simplicada","og_description":"Cifras f\u00e1ceis, completas e precisas para voc\u00ea tocar qualquer m\u00fasica! Explore nosso acervo e aprimore seu talento!","og_url":"https:\/\/worldmusic.mus.br\/cifra\/trem-bala-ana-vilela-simplicada\/","og_site_name":"World Music Cifras","article_publisher":"https:\/\/www.facebook.com\/worldmusicescolademusicauberlandia\/","article_published_time":"2022-05-06T13:32:54+00:00","author":"xandre2007","twitter_card":"summary_large_image","twitter_misc":{"Escrito por":"xandre2007","Est. tempo de leitura":"2 minutos"},"schema":{"@context":"https:\/\/schema.org","@graph":[{"@type":"Article","@id":"https:\/\/worldmusic.mus.br\/cifra\/trem-bala-ana-vilela-simplicada\/#article","isPartOf":{"@id":"https:\/\/worldmusic.mus.br\/cifra\/trem-bala-ana-vilela-simplicada\/"},"author":{"name":"xandre2007","@id":"https:\/\/worldmusic.mus.br\/cifra\/#\/schema\/person\/39172d294e60e05d5bb6c0fefbf2e87a"},"headline":"Trem Bala Ana Vilela Simplicada","datePublished":"2022-05-06T13:32:54+00:00","mainEntityOfPage":{"@id":"https:\/\/worldmusic.mus.br\/cifra\/trem-bala-ana-vilela-simplicada\/"},"wordCount":7,"publisher":{"@id":"https:\/\/worldmusic.mus.br\/cifra\/#organization"},"image":{"@id":"https:\/\/worldmusic.mus.br\/cifra\/trem-bala-ana-vilela-simplicada\/#primaryimage"},"thumbnailUrl":"","articleSection":["Cifra"],"inLanguage":"pt-BR"},{"@type":"WebPage","@id":"https:\/\/worldmusic.mus.br\/cifra\/trem-bala-ana-vilela-simplicada\/","url":"https:\/\/worldmusic.mus.br\/cifra\/trem-bala-ana-vilela-simplicada\/","name":"Trem Bala Ana Vilela Simplicada","isPartOf":{"@id":"https:\/\/worldmusic.mus.br\/cifra\/#website"},"primaryImageOfPage":{"@id":"https:\/\/worldmusic.mus.br\/cifra\/trem-bala-ana-vilela-simplicada\/#primaryimage"},"image":{"@id":"https:\/\/worldmusic.mus.br\/cifra\/trem-bala-ana-vilela-simplicada\/#primaryimage"},"thumbnailUrl":"","datePublished":"2022-05-06T13:32:54+00:00","description":"Cifras f\u00e1ceis, completas e precisas para voc\u00ea tocar qualquer m\u00fasica! Explore nosso acervo e aprimore seu talento!","breadcrumb":{"@id":"https:\/\/worldmusic.mus.br\/cifra\/trem-bala-ana-vilela-simplicada\/#breadcrumb"},"inLanguage":"pt-BR","potentialAction":[{"@type":"ReadAction","target":["https:\/\/worldmusic.mus.br\/cifra\/trem-bala-ana-vilela-simplicada\/"]}]},{"@type":"ImageObject","inLanguage":"pt-BR","@id":"https:\/\/worldmusic.mus.br\/cifra\/trem-bala-ana-vilela-simplicada\/#primaryimage","url":"","contentUrl":""},{"@type":"BreadcrumbList","@id":"https:\/\/worldmusic.mus.br\/cifra\/trem-bala-ana-vilela-simplicada\/#breadcrumb","itemListElement":[{"@type":"ListItem","position":1,"name":"In\u00edcio","item":"https:\/\/worldmusic.mus.br\/cifra\/"},{"@type":"ListItem","position":2,"name":"Trem Bala Ana Vilela Simplicada"}]},{"@type":"WebSite","@id":"https:\/\/worldmusic.mus.br\/cifra\/#website","url":"https:\/\/worldmusic.mus.br\/cifra\/","name":"World Music","description":"Uma ampla cole\u00e7\u00e3o de cifras e tablaturas para m\u00fasicos de todos os n\u00edveis \u2013 do iniciante ao avan\u00e7ado \u2013 abrangendo diversos g\u00eaneros e estilos musicais. Nosso site \u00e9 a escolha certa para quem busca praticidade e precis\u00e3o na execu\u00e7\u00e3o de suas m\u00fasicas favoritas, com um acervo acess\u00edvel e sempre atualizado para suas pr\u00e1ticas e performances.","publisher":{"@id":"https:\/\/worldmusic.mus.br\/cifra\/#organization"},"potentialAction":[{"@type":"SearchAction","target":{"@type":"EntryPoint","urlTemplate":"https:\/\/worldmusic.mus.br\/cifra\/?s={search_term_string}"},"query-input":{"@type":"PropertyValueSpecification","valueRequired":true,"valueName":"search_term_string"}}],"inLanguage":"pt-BR"},{"@type":"Organization","@id":"https:\/\/worldmusic.mus.br\/cifra\/#organization","name":"World Music","url":"https:\/\/worldmusic.mus.br\/cifra\/","logo":{"@type":"ImageObject","inLanguage":"pt-BR","@id":"https:\/\/worldmusic.mus.br\/cifra\/#\/schema\/logo\/image\/","url":"https:\/\/worldmusic.mus.br\/cifra\/wp-content\/uploads\/2024\/10\/cropped-World-Music-Logo.png","contentUrl":"https:\/\/worldmusic.mus.br\/cifra\/wp-content\/uploads\/2024\/10\/cropped-World-Music-Logo.png","width":500,"height":244,"caption":"World Music"},"image":{"@id":"https:\/\/worldmusic.mus.br\/cifra\/#\/schema\/logo\/image\/"},"sameAs":["https:\/\/www.facebook.com\/worldmusicescolademusicauberlandia\/","https:\/\/www.youtube.com\/channel\/UCj0pAbHJVz1ZCStFMBEzWIg?sub_confirmation=1"]},{"@type":"Person","@id":"https:\/\/worldmusic.mus.br\/cifra\/#\/schema\/person\/39172d294e60e05d5bb6c0fefbf2e87a","name":"xandre2007","image":{"@type":"ImageObject","inLanguage":"pt-BR","@id":"https:\/\/worldmusic.mus.br\/cifra\/wp-content\/litespeed\/avatar\/7afb8c6d80555b9330d0a98f54fe1aa0.jpg?ver=1777134963","url":"https:\/\/worldmusic.mus.br\/cifra\/wp-content\/litespeed\/avatar\/7afb8c6d80555b9330d0a98f54fe1aa0.jpg?ver=1777134963","contentUrl":"https:\/\/worldmusic.mus.br\/cifra\/wp-content\/litespeed\/avatar\/7afb8c6d80555b9330d0a98f54fe1aa0.jpg?ver=1777134963","caption":"xandre2007"},"sameAs":["https:\/\/worldmusic.mus.br\/cifra"],"url":"https:\/\/worldmusic.mus.br\/cifra\/author\/xandre2007\/"}]}},"_links":{"self":[{"href":"https:\/\/worldmusic.mus.br\/cifra\/wp-json\/wp\/v2\/posts\/4526","targetHints":{"allow":["GET"]}}],"collection":[{"href":"https:\/\/worldmusic.mus.br\/cifra\/wp-json\/wp\/v2\/posts"}],"about":[{"href":"https:\/\/worldmusic.mus.br\/cifra\/wp-json\/wp\/v2\/types\/post"}],"author":[{"embeddable":true,"href":"https:\/\/worldmusic.mus.br\/cifra\/wp-json\/wp\/v2\/users\/1"}],"replies":[{"embeddable":true,"href":"https:\/\/worldmusic.mus.br\/cifra\/wp-json\/wp\/v2\/comments?post=4526"}],"version-history":[{"count":0,"href":"https:\/\/worldmusic.mus.br\/cifra\/wp-json\/wp\/v2\/posts\/4526\/revisions"}],"wp:featuredmedia":[{"embeddable":true,"href":"https:\/\/worldmusic.mus.br\/cifra\/wp-json\/"}],"wp:attachment":[{"href":"https:\/\/worldmusic.mus.br\/cifra\/wp-json\/wp\/v2\/media?parent=4526"}],"wp:term":[{"taxonomy":"category","embeddable":true,"href":"https:\/\/worldmusic.mus.br\/cifra\/wp-json\/wp\/v2\/categories?post=4526"},{"taxonomy":"post_tag","embeddable":true,"href":"https:\/\/worldmusic.mus.br\/cifra\/wp-json\/wp\/v2\/tags?post=4526"}],"curies":[{"name":"wp","href":"https:\/\/api.w.org\/{rel}","templated":true}]}}